{"id":14672,"date":"2018-06-13T14:03:04","date_gmt":"2018-06-13T12:03:04","guid":{"rendered":"https:\/\/adplastik.social-wizard.com\/?p=14672"},"modified":"2021-04-08T14:01:30","modified_gmt":"2021-04-08T12:01:30","slug":"ujra-a-legjobb-exportalo-ceg-vagyunk-a-szloven-piacra","status":"publish","type":"post","link":"https:\/\/www.adplastik.hr\/hu\/novosti\/korporativne\/ujra-a-legjobb-exportalo-ceg-vagyunk-a-szloven-piacra","title":{"rendered":"\u00dajra a legjobb export\u00e1l\u00f3 c\u00e9g vagyunk a szlov\u00e9n piacra"},"content":{"rendered":"\n<p class=\"wp-block-paragraph\">A horv\u00e1t export\u0151r\u00f6k idei, Export \u2013 a horv\u00e1t gazdas\u00e1g n\u00f6veked\u00e9s\u00e9nek \u00e9s fejl\u0151d\u00e9s\u00e9nek gener\u00e1tora c\u00edmen megtartott tal\u00e1lkoz\u00f3j\u00e1nak keretein bel\u00fcl m\u00e1r hagyom\u00e1nyosan \u00e1tadt\u00e1k az \u201eAranykulcs\u201d d\u00edjat. Az AD Plastik m\u00e9g egyszer Aranykulcs d\u00edjat kapott legjobb export\u0151rk\u00e9nt Szlov\u00e9ni\u00e1ba.<\/p>\n\n\n\n<p class=\"wp-block-paragraph\">\u201eAz AD Plastik m\u00e1r n\u00e9h\u00e1ny egym\u00e1st k\u00f6vet\u0151 \u00e9ven \u00e1t megkapja az Aranykulcs d\u00edjat. Szlov\u00e9nia sz\u00e1munkra kimondottan jelent\u0151s piac tekintettel arra, hogy ott tal\u00e1lhat\u00f3 a Renault Revoz gy\u00e1ra, amely a legnagyobb vev\u0151ink k\u00f6z\u00e9 tartozik. A Revoz gy\u00e1rral megk\u00f6t\u00f6tt \u00faj \u00fczletekre tekintettel, ezen a piacon tov\u00e1bbi n\u00f6veked\u00e9s v\u00e1rhat\u00f3\u201d, mondta Sanja Bio\u010di\u0107 igazgat\u00f3s\u00e1gi tag a d\u00edj \u00e1tv\u00e9tel\u00e9n\u00e9l.<\/p>\n\n\n\n<p class=\"wp-block-paragraph\">A tal\u00e1lkoz\u00f3n, t\u00f6bbek k\u00f6z\u00f6tt, azt is kihangs\u00falyozt\u00e1k, hogy az \u00f6sszes horv\u00e1t v\u00e1llalat k\u00f6z\u00f6tt 15 sz\u00e1zal\u00e9kuk export tev\u00e9kenys\u00e9get folytat, \u00e9s hogy ezek az \u00f6sszess\u00e9g\u00e9be vett dolgoz\u00f3k 51 sz\u00e1zal\u00e9k\u00e1t foglalkoztatj\u00e1k, valamint a j\u00f6vedelemben 75 sz\u00e1zal\u00e9kkal vesznek r\u00e9szt. A horv\u00e1t export\u0151r\u00f6k 2018-as nyilatkozat\u00e1ban meg\u00e1llap\u00edt\u00e1sra ker\u00fclt, hogy az export\u0151r\u00f6k \u00faj technol\u00f3gi\u00e1k alkalmaz\u00e1s\u00e1ra t\u00f6rekednek, hangs\u00falyozv\u00e1n, hogy nem minden a v\u00e1llalkoz\u00f3kt\u00f3l f\u00fcgg, hanem a gazdas\u00e1gi politik\u00e1k \u00e1ltal az ipari fejl\u0151d\u00e9s, innov\u00e1ci\u00f3k, infrastrukt\u00fara \u00e9s a k\u00e9pz\u00e9s ter\u00fclet\u00e9n meghozott int\u00e9zked\u00e9sekt\u0151l is.<\/p>\n\n\n\n<p class=\"wp-block-paragraph\">A horv\u00e1t export\u0151r\u00f6ket csoportos\u00edt\u00f3 egyes\u00fclet eln\u00f6ke, Darinko Bago, ezzel az alkalommal meg\u00e1llap\u00edtotta, hogy az export\u0151r\u00f6k k\u00e9pviselik a gazdas\u00e1gi \u00e9let legjobb r\u00e9sz\u00e9t, \u00e9s hogy ilyen m\u00f3don lehets\u00e9ges, hogy \u0151k lehetnek a pozit\u00edv v\u00e1ltoz\u00e1sok egyetlen alapja.<br><\/p>\n ","protected":false},"excerpt":{"rendered":"<p>A horv\u00e1t export\u0151r\u00f6k idei, Export \u2013 a horv\u00e1t gazdas\u00e1g n\u00f6veked\u00e9s\u00e9nek \u00e9s fejl\u0151d\u00e9s\u00e9nek gener\u00e1tora c\u00edmen megtartott tal\u00e1lkoz\u00f3j\u00e1nak keretein bel\u00fcl m\u00e1r hagyom\u00e1nyosan \u00e1tadt\u00e1k az \u201eAranykulcs\u201d d\u00edjat. Az AD Plastik m\u00e9g egyszer Aranykulcs d\u00edjat kapott legjobb export\u0151rk\u00e9nt Szlov\u00e9ni\u00e1ba. \u201eAz AD Plastik m\u00e1r n\u00e9h\u00e1ny egym\u00e1st k\u00f6vet\u0151 \u00e9ven \u00e1t megkapja az Aranykulcs d\u00edjat. Szlov\u00e9nia sz\u00e1munkra kimondottan jelent\u0151s piac tekintettel arra, [&hellip;]<\/p>\n","protected":false},"author":1,"featured_media":10863,"comment_status":"open","ping_status":"open","sticky":false,"template":"","format":"standard","meta":{"_acf_changed":false,"footnotes":""},"categories":[79,293],"tags":[],"class_list":["post-14672","post","type-post","status-publish","format-standard","has-post-thumbnail","hentry","category-korporativne","category-vallalati"],"acf":[],"yoast_head":"<!-- This site is optimized with the Yoast SEO plugin v28.3 - https:\/\/yoast.com\/product\/yoast-seo-wordpress\/ -->\n<title>\u00dajra a legjobb export\u00e1l\u00f3 c\u00e9g vagyunk a szlov\u00e9n piacra - AD Plastik<\/title>\n<meta name=\"robots\" content=\"index, follow, max-snippet:-1, max-image-preview:large, max-video-preview:-1\" \/>\n<link rel=\"canonical\" href=\"https:\/\/www.adplastik.hr\/hu\/ujsagok\/vallalati\/ujra-a-legjobb-exportalo-ceg-vagyunk-a-szloven-piacra\" \/>\n<meta property=\"og:locale\" content=\"hu_HU\" \/>\n<meta property=\"og:type\" content=\"article\" \/>\n<meta property=\"og:title\" content=\"\u00dajra a legjobb export\u00e1l\u00f3 c\u00e9g vagyunk a szlov\u00e9n piacra - AD Plastik\" \/>\n<meta property=\"og:description\" content=\"A horv\u00e1t export\u0151r\u00f6k idei, Export \u2013 a horv\u00e1t gazdas\u00e1g n\u00f6veked\u00e9s\u00e9nek \u00e9s fejl\u0151d\u00e9s\u00e9nek gener\u00e1tora c\u00edmen megtartott tal\u00e1lkoz\u00f3j\u00e1nak keretein bel\u00fcl m\u00e1r hagyom\u00e1nyosan \u00e1tadt\u00e1k az \u201eAranykulcs\u201d d\u00edjat. Az AD Plastik m\u00e9g egyszer Aranykulcs d\u00edjat kapott legjobb export\u0151rk\u00e9nt Szlov\u00e9ni\u00e1ba. \u201eAz AD Plastik m\u00e1r n\u00e9h\u00e1ny egym\u00e1st k\u00f6vet\u0151 \u00e9ven \u00e1t megkapja az Aranykulcs d\u00edjat. Szlov\u00e9nia sz\u00e1munkra kimondottan jelent\u0151s piac tekintettel arra, [&hellip;]\" \/>\n<meta property=\"og:url\" content=\"https:\/\/www.adplastik.hr\/hu\/ujsagok\/vallalati\/ujra-a-legjobb-exportalo-ceg-vagyunk-a-szloven-piacra\" \/>\n<meta property=\"og:site_name\" content=\"AD Plastik\" \/>\n<meta property=\"article:published_time\" content=\"2018-06-13T12:03:04+00:00\" \/>\n<meta property=\"article:modified_time\" content=\"2021-04-08T12:01:30+00:00\" \/>\n<meta property=\"og:image\" content=\"https:\/\/e87qx58u4hr.exactdn.com\/wp-content\/uploads\/2018\/06\/180613-Jos-jednom-najbolji-izvoznik-u-Sloveniju.jpg?strip=all&lossy=1&ssl=1\" \/>\n\t<meta property=\"og:image:width\" content=\"1920\" \/>\n\t<meta property=\"og:image:height\" content=\"2560\" \/>\n\t<meta property=\"og:image:type\" content=\"image\/jpeg\" \/>\n<meta name=\"author\" content=\"swadmin\" \/>\n<meta name=\"twitter:card\" content=\"summary_large_image\" \/>\n<meta name=\"twitter:label1\" content=\"Szerz\u0151:\" \/>\n\t<meta name=\"twitter:data1\" content=\"swadmin\" \/>\n\t<meta name=\"twitter:label2\" content=\"Becs\u00fclt olvas\u00e1si id\u0151\" \/>\n\t<meta name=\"twitter:data2\" content=\"2 perc\" \/>\n<script type=\"application\/ld+json\" class=\"yoast-schema-graph\">{\"@context\":\"https:\\\/\\\/schema.org\",\"@graph\":[{\"@type\":\"Article\",\"@id\":\"https:\\\/\\\/www.adplastik.hr\\\/hu\\\/ujsagok\\\/vallalati\\\/ujra-a-legjobb-exportalo-ceg-vagyunk-a-szloven-piacra#article\",\"isPartOf\":{\"@id\":\"https:\\\/\\\/www.adplastik.hr\\\/hu\\\/ujsagok\\\/vallalati\\\/ujra-a-legjobb-exportalo-ceg-vagyunk-a-szloven-piacra\"},\"author\":{\"name\":\"swadmin\",\"@id\":\"https:\\\/\\\/www.adplastik.hr\\\/hu\\\/#\\\/schema\\\/person\\\/e3a5a72cdeb2bcdde5f3db81fed7ef7d\"},\"headline\":\"\u00dajra a legjobb export\u00e1l\u00f3 c\u00e9g vagyunk a szlov\u00e9n piacra\",\"datePublished\":\"2018-06-13T12:03:04+00:00\",\"dateModified\":\"2021-04-08T12:01:30+00:00\",\"mainEntityOfPage\":{\"@id\":\"https:\\\/\\\/www.adplastik.hr\\\/hu\\\/ujsagok\\\/vallalati\\\/ujra-a-legjobb-exportalo-ceg-vagyunk-a-szloven-piacra\"},\"wordCount\":338,\"commentCount\":0,\"image\":{\"@id\":\"https:\\\/\\\/www.adplastik.hr\\\/hu\\\/ujsagok\\\/vallalati\\\/ujra-a-legjobb-exportalo-ceg-vagyunk-a-szloven-piacra#primaryimage\"},\"thumbnailUrl\":\"https:\\\/\\\/e87qx58u4hr.exactdn.com\\\/wp-content\\\/uploads\\\/2018\\\/06\\\/180613-Jos-jednom-najbolji-izvoznik-u-Sloveniju.jpg?strip=all\",\"articleSection\":[\"korporativne\",\"V\u00e1llalati\"],\"inLanguage\":\"hu\",\"potentialAction\":[{\"@type\":\"CommentAction\",\"name\":\"Comment\",\"target\":[\"https:\\\/\\\/www.adplastik.hr\\\/hu\\\/ujsagok\\\/vallalati\\\/ujra-a-legjobb-exportalo-ceg-vagyunk-a-szloven-piacra#respond\"]}]},{\"@type\":\"WebPage\",\"@id\":\"https:\\\/\\\/www.adplastik.hr\\\/hu\\\/ujsagok\\\/vallalati\\\/ujra-a-legjobb-exportalo-ceg-vagyunk-a-szloven-piacra\",\"url\":\"https:\\\/\\\/www.adplastik.hr\\\/hu\\\/ujsagok\\\/vallalati\\\/ujra-a-legjobb-exportalo-ceg-vagyunk-a-szloven-piacra\",\"name\":\"\u00dajra a legjobb export\u00e1l\u00f3 c\u00e9g vagyunk a szlov\u00e9n piacra - AD Plastik\",\"isPartOf\":{\"@id\":\"https:\\\/\\\/www.adplastik.hr\\\/hu\\\/#website\"},\"primaryImageOfPage\":{\"@id\":\"https:\\\/\\\/www.adplastik.hr\\\/hu\\\/ujsagok\\\/vallalati\\\/ujra-a-legjobb-exportalo-ceg-vagyunk-a-szloven-piacra#primaryimage\"},\"image\":{\"@id\":\"https:\\\/\\\/www.adplastik.hr\\\/hu\\\/ujsagok\\\/vallalati\\\/ujra-a-legjobb-exportalo-ceg-vagyunk-a-szloven-piacra#primaryimage\"},\"thumbnailUrl\":\"https:\\\/\\\/e87qx58u4hr.exactdn.com\\\/wp-content\\\/uploads\\\/2018\\\/06\\\/180613-Jos-jednom-najbolji-izvoznik-u-Sloveniju.jpg?strip=all\",\"datePublished\":\"2018-06-13T12:03:04+00:00\",\"dateModified\":\"2021-04-08T12:01:30+00:00\",\"author\":{\"@id\":\"https:\\\/\\\/www.adplastik.hr\\\/hu\\\/#\\\/schema\\\/person\\\/e3a5a72cdeb2bcdde5f3db81fed7ef7d\"},\"breadcrumb\":{\"@id\":\"https:\\\/\\\/www.adplastik.hr\\\/hu\\\/ujsagok\\\/vallalati\\\/ujra-a-legjobb-exportalo-ceg-vagyunk-a-szloven-piacra#breadcrumb\"},\"inLanguage\":\"hu\",\"potentialAction\":[{\"@type\":\"ReadAction\",\"target\":[\"https:\\\/\\\/www.adplastik.hr\\\/hu\\\/ujsagok\\\/vallalati\\\/ujra-a-legjobb-exportalo-ceg-vagyunk-a-szloven-piacra\"]}]},{\"@type\":\"ImageObject\",\"inLanguage\":\"hu\",\"@id\":\"https:\\\/\\\/www.adplastik.hr\\\/hu\\\/ujsagok\\\/vallalati\\\/ujra-a-legjobb-exportalo-ceg-vagyunk-a-szloven-piacra#primaryimage\",\"url\":\"https:\\\/\\\/e87qx58u4hr.exactdn.com\\\/wp-content\\\/uploads\\\/2018\\\/06\\\/180613-Jos-jednom-najbolji-izvoznik-u-Sloveniju.jpg?strip=all\",\"contentUrl\":\"https:\\\/\\\/e87qx58u4hr.exactdn.com\\\/wp-content\\\/uploads\\\/2018\\\/06\\\/180613-Jos-jednom-najbolji-izvoznik-u-Sloveniju.jpg?strip=all\",\"width\":1920,\"height\":2560},{\"@type\":\"BreadcrumbList\",\"@id\":\"https:\\\/\\\/www.adplastik.hr\\\/hu\\\/ujsagok\\\/vallalati\\\/ujra-a-legjobb-exportalo-ceg-vagyunk-a-szloven-piacra#breadcrumb\",\"itemListElement\":[{\"@type\":\"ListItem\",\"position\":1,\"name\":\"Po\u010detna stranica\",\"item\":\"https:\\\/\\\/www.adplastik.hr\\\/hu\"},{\"@type\":\"ListItem\",\"position\":2,\"name\":\"\u00dajra a legjobb export\u00e1l\u00f3 c\u00e9g vagyunk a szlov\u00e9n piacra\"}]},{\"@type\":\"WebSite\",\"@id\":\"https:\\\/\\\/www.adplastik.hr\\\/hu\\\/#website\",\"url\":\"https:\\\/\\\/www.adplastik.hr\\\/hu\\\/\",\"name\":\"AD Plastik\",\"description\":\"Vode\u0107i proizvo\u0111a\u010d automobilskih komponenti\",\"potentialAction\":[{\"@type\":\"SearchAction\",\"target\":{\"@type\":\"EntryPoint\",\"urlTemplate\":\"https:\\\/\\\/www.adplastik.hr\\\/hu\\\/?s={search_term_string}\"},\"query-input\":{\"@type\":\"PropertyValueSpecification\",\"valueRequired\":true,\"valueName\":\"search_term_string\"}}],\"inLanguage\":\"hu\"},{\"@type\":\"Person\",\"@id\":\"https:\\\/\\\/www.adplastik.hr\\\/hu\\\/#\\\/schema\\\/person\\\/e3a5a72cdeb2bcdde5f3db81fed7ef7d\",\"name\":\"swadmin\",\"image\":{\"@type\":\"ImageObject\",\"inLanguage\":\"hu\",\"@id\":\"https:\\\/\\\/secure.gravatar.com\\\/avatar\\\/7465d689b5574539c4323e372f0418d0c3eeed3f1dddcab4ff6cc0f7608ba5bc?s=96&d=mm&r=g\",\"url\":\"https:\\\/\\\/secure.gravatar.com\\\/avatar\\\/7465d689b5574539c4323e372f0418d0c3eeed3f1dddcab4ff6cc0f7608ba5bc?s=96&d=mm&r=g\",\"contentUrl\":\"https:\\\/\\\/secure.gravatar.com\\\/avatar\\\/7465d689b5574539c4323e372f0418d0c3eeed3f1dddcab4ff6cc0f7608ba5bc?s=96&d=mm&r=g\",\"caption\":\"swadmin\"},\"url\":\"https:\\\/\\\/www.adplastik.hr\\\/hu\\\/author\\\/swadmin\"}]}<\/script>\n<!-- \/ Yoast SEO plugin. -->","yoast_head_json":{"title":"\u00dajra a legjobb export\u00e1l\u00f3 c\u00e9g vagyunk a szlov\u00e9n piacra - AD Plastik","robots":{"index":"index","follow":"follow","max-snippet":"max-snippet:-1","max-image-preview":"max-image-preview:large","max-video-preview":"max-video-preview:-1"},"canonical":"https:\/\/www.adplastik.hr\/hu\/ujsagok\/vallalati\/ujra-a-legjobb-exportalo-ceg-vagyunk-a-szloven-piacra","og_locale":"hu_HU","og_type":"article","og_title":"\u00dajra a legjobb export\u00e1l\u00f3 c\u00e9g vagyunk a szlov\u00e9n piacra - AD Plastik","og_description":"A horv\u00e1t export\u0151r\u00f6k idei, Export \u2013 a horv\u00e1t gazdas\u00e1g n\u00f6veked\u00e9s\u00e9nek \u00e9s fejl\u0151d\u00e9s\u00e9nek gener\u00e1tora c\u00edmen megtartott tal\u00e1lkoz\u00f3j\u00e1nak keretein bel\u00fcl m\u00e1r hagyom\u00e1nyosan \u00e1tadt\u00e1k az \u201eAranykulcs\u201d d\u00edjat. Az AD Plastik m\u00e9g egyszer Aranykulcs d\u00edjat kapott legjobb export\u0151rk\u00e9nt Szlov\u00e9ni\u00e1ba. \u201eAz AD Plastik m\u00e1r n\u00e9h\u00e1ny egym\u00e1st k\u00f6vet\u0151 \u00e9ven \u00e1t megkapja az Aranykulcs d\u00edjat. Szlov\u00e9nia sz\u00e1munkra kimondottan jelent\u0151s piac tekintettel arra, [&hellip;]","og_url":"https:\/\/www.adplastik.hr\/hu\/ujsagok\/vallalati\/ujra-a-legjobb-exportalo-ceg-vagyunk-a-szloven-piacra","og_site_name":"AD Plastik","article_published_time":"2018-06-13T12:03:04+00:00","article_modified_time":"2021-04-08T12:01:30+00:00","og_image":[{"width":1920,"height":2560,"url":"https:\/\/e87qx58u4hr.exactdn.com\/wp-content\/uploads\/2018\/06\/180613-Jos-jednom-najbolji-izvoznik-u-Sloveniju.jpg?strip=all&lossy=1&ssl=1","type":"image\/jpeg"}],"author":"swadmin","twitter_card":"summary_large_image","twitter_misc":{"Szerz\u0151:":"swadmin","Becs\u00fclt olvas\u00e1si id\u0151":"2 perc"},"schema":{"@context":"https:\/\/schema.org","@graph":[{"@type":"Article","@id":"https:\/\/www.adplastik.hr\/hu\/ujsagok\/vallalati\/ujra-a-legjobb-exportalo-ceg-vagyunk-a-szloven-piacra#article","isPartOf":{"@id":"https:\/\/www.adplastik.hr\/hu\/ujsagok\/vallalati\/ujra-a-legjobb-exportalo-ceg-vagyunk-a-szloven-piacra"},"author":{"name":"swadmin","@id":"https:\/\/www.adplastik.hr\/hu\/#\/schema\/person\/e3a5a72cdeb2bcdde5f3db81fed7ef7d"},"headline":"\u00dajra a legjobb export\u00e1l\u00f3 c\u00e9g vagyunk a szlov\u00e9n piacra","datePublished":"2018-06-13T12:03:04+00:00","dateModified":"2021-04-08T12:01:30+00:00","mainEntityOfPage":{"@id":"https:\/\/www.adplastik.hr\/hu\/ujsagok\/vallalati\/ujra-a-legjobb-exportalo-ceg-vagyunk-a-szloven-piacra"},"wordCount":338,"commentCount":0,"image":{"@id":"https:\/\/www.adplastik.hr\/hu\/ujsagok\/vallalati\/ujra-a-legjobb-exportalo-ceg-vagyunk-a-szloven-piacra#primaryimage"},"thumbnailUrl":"https:\/\/e87qx58u4hr.exactdn.com\/wp-content\/uploads\/2018\/06\/180613-Jos-jednom-najbolji-izvoznik-u-Sloveniju.jpg?strip=all","articleSection":["korporativne","V\u00e1llalati"],"inLanguage":"hu","potentialAction":[{"@type":"CommentAction","name":"Comment","target":["https:\/\/www.adplastik.hr\/hu\/ujsagok\/vallalati\/ujra-a-legjobb-exportalo-ceg-vagyunk-a-szloven-piacra#respond"]}]},{"@type":"WebPage","@id":"https:\/\/www.adplastik.hr\/hu\/ujsagok\/vallalati\/ujra-a-legjobb-exportalo-ceg-vagyunk-a-szloven-piacra","url":"https:\/\/www.adplastik.hr\/hu\/ujsagok\/vallalati\/ujra-a-legjobb-exportalo-ceg-vagyunk-a-szloven-piacra","name":"\u00dajra a legjobb export\u00e1l\u00f3 c\u00e9g vagyunk a szlov\u00e9n piacra - AD Plastik","isPartOf":{"@id":"https:\/\/www.adplastik.hr\/hu\/#website"},"primaryImageOfPage":{"@id":"https:\/\/www.adplastik.hr\/hu\/ujsagok\/vallalati\/ujra-a-legjobb-exportalo-ceg-vagyunk-a-szloven-piacra#primaryimage"},"image":{"@id":"https:\/\/www.adplastik.hr\/hu\/ujsagok\/vallalati\/ujra-a-legjobb-exportalo-ceg-vagyunk-a-szloven-piacra#primaryimage"},"thumbnailUrl":"https:\/\/e87qx58u4hr.exactdn.com\/wp-content\/uploads\/2018\/06\/180613-Jos-jednom-najbolji-izvoznik-u-Sloveniju.jpg?strip=all","datePublished":"2018-06-13T12:03:04+00:00","dateModified":"2021-04-08T12:01:30+00:00","author":{"@id":"https:\/\/www.adplastik.hr\/hu\/#\/schema\/person\/e3a5a72cdeb2bcdde5f3db81fed7ef7d"},"breadcrumb":{"@id":"https:\/\/www.adplastik.hr\/hu\/ujsagok\/vallalati\/ujra-a-legjobb-exportalo-ceg-vagyunk-a-szloven-piacra#breadcrumb"},"inLanguage":"hu","potentialAction":[{"@type":"ReadAction","target":["https:\/\/www.adplastik.hr\/hu\/ujsagok\/vallalati\/ujra-a-legjobb-exportalo-ceg-vagyunk-a-szloven-piacra"]}]},{"@type":"ImageObject","inLanguage":"hu","@id":"https:\/\/www.adplastik.hr\/hu\/ujsagok\/vallalati\/ujra-a-legjobb-exportalo-ceg-vagyunk-a-szloven-piacra#primaryimage","url":"https:\/\/e87qx58u4hr.exactdn.com\/wp-content\/uploads\/2018\/06\/180613-Jos-jednom-najbolji-izvoznik-u-Sloveniju.jpg?strip=all","contentUrl":"https:\/\/e87qx58u4hr.exactdn.com\/wp-content\/uploads\/2018\/06\/180613-Jos-jednom-najbolji-izvoznik-u-Sloveniju.jpg?strip=all","width":1920,"height":2560},{"@type":"BreadcrumbList","@id":"https:\/\/www.adplastik.hr\/hu\/ujsagok\/vallalati\/ujra-a-legjobb-exportalo-ceg-vagyunk-a-szloven-piacra#breadcrumb","itemListElement":[{"@type":"ListItem","position":1,"name":"Po\u010detna stranica","item":"https:\/\/www.adplastik.hr\/hu"},{"@type":"ListItem","position":2,"name":"\u00dajra a legjobb export\u00e1l\u00f3 c\u00e9g vagyunk a szlov\u00e9n piacra"}]},{"@type":"WebSite","@id":"https:\/\/www.adplastik.hr\/hu\/#website","url":"https:\/\/www.adplastik.hr\/hu\/","name":"AD Plastik","description":"Vode\u0107i proizvo\u0111a\u010d automobilskih komponenti","potentialAction":[{"@type":"SearchAction","target":{"@type":"EntryPoint","urlTemplate":"https:\/\/www.adplastik.hr\/hu\/?s={search_term_string}"},"query-input":{"@type":"PropertyValueSpecification","valueRequired":true,"valueName":"search_term_string"}}],"inLanguage":"hu"},{"@type":"Person","@id":"https:\/\/www.adplastik.hr\/hu\/#\/schema\/person\/e3a5a72cdeb2bcdde5f3db81fed7ef7d","name":"swadmin","image":{"@type":"ImageObject","inLanguage":"hu","@id":"https:\/\/secure.gravatar.com\/avatar\/7465d689b5574539c4323e372f0418d0c3eeed3f1dddcab4ff6cc0f7608ba5bc?s=96&d=mm&r=g","url":"https:\/\/secure.gravatar.com\/avatar\/7465d689b5574539c4323e372f0418d0c3eeed3f1dddcab4ff6cc0f7608ba5bc?s=96&d=mm&r=g","contentUrl":"https:\/\/secure.gravatar.com\/avatar\/7465d689b5574539c4323e372f0418d0c3eeed3f1dddcab4ff6cc0f7608ba5bc?s=96&d=mm&r=g","caption":"swadmin"},"url":"https:\/\/www.adplastik.hr\/hu\/author\/swadmin"}]}},"_links":{"self":[{"href":"https:\/\/www.adplastik.hr\/hu\/wp-json\/wp\/v2\/posts\/14672","targetHints":{"allow":["GET"]}}],"collection":[{"href":"https:\/\/www.adplastik.hr\/hu\/wp-json\/wp\/v2\/posts"}],"about":[{"href":"https:\/\/www.adplastik.hr\/hu\/wp-json\/wp\/v2\/types\/post"}],"author":[{"embeddable":true,"href":"https:\/\/www.adplastik.hr\/hu\/wp-json\/wp\/v2\/users\/1"}],"replies":[{"embeddable":true,"href":"https:\/\/www.adplastik.hr\/hu\/wp-json\/wp\/v2\/comments?post=14672"}],"version-history":[{"count":0,"href":"https:\/\/www.adplastik.hr\/hu\/wp-json\/wp\/v2\/posts\/14672\/revisions"}],"wp:featuredmedia":[{"embeddable":true,"href":"https:\/\/www.adplastik.hr\/hu\/wp-json\/wp\/v2\/media\/10863"}],"wp:attachment":[{"href":"https:\/\/www.adplastik.hr\/hu\/wp-json\/wp\/v2\/media?parent=14672"}],"wp:term":[{"taxonomy":"category","embeddable":true,"href":"https:\/\/www.adplastik.hr\/hu\/wp-json\/wp\/v2\/categories?post=14672"},{"taxonomy":"post_tag","embeddable":true,"href":"https:\/\/www.adplastik.hr\/hu\/wp-json\/wp\/v2\/tags?post=14672"}],"curies":[{"name":"wp","href":"https:\/\/api.w.org\/{rel}","templated":true}]}}